{"id":62,"date":"2014-03-18T14:58:59","date_gmt":"2014-03-18T14:58:59","guid":{"rendered":"http:\/\/sig.regiaodeaveiro.pt\/web\/?p=62"},"modified":"2023-06-15T15:16:12","modified_gmt":"2023-06-15T15:16:12","slug":"ambiente-e-energia","status":"publish","type":"post","link":"https:\/\/sig.regiaodeaveiro.pt\/pt_PT\/ambiente-e-energia\/","title":{"rendered":"AMBIENTE E ENERGIA"},"content":{"rendered":"<p><!--:en--><\/p>\n<h1>Mapas do Ambiente e de Energia<\/h1>\n<p>Aqui encontra mapas relacionados com as tem\u00e1ticas do ambiente e energia, de \u00e2mbito regional e municipal, tais como, resultados de projetos j\u00e1 desenvolvidos ou a localiza\u00e7\u00e3o de alguns elementos importantes e distintivos da Regi\u00e3o de Aveiro e dos seus Munic\u00edpios associados.<\/p>\n<p>Clique nas seguintes hiperliga\u00e7\u00f5es para aceder ao mapa que pretende:<\/p>\n<ul>\n<li style=\"list-style-type: none;\">\n<ul><!--\n \t\n\n<li><a title=\"Projetos Financiados pelo GAC\" href=\"http:\/\/www.regiaodeaveiro.pt\/PageGen.aspx?WMCM_PaginaId=33359\" target=\"_blank\" rel=\"noopener\">Projeto Financiado pelo Grupo A\u00e7\u00e3o Costeira<\/a> (Mapa Din\u00e2mico)<\/li>\n\n\n--><\/ul>\n<\/li>\n<\/ul>\n<ul>\n<li style=\"list-style-type: none;\">\n<ul>\n<li><a title=\"Projeto Efici\u00eancia H\u00eddrica\" href=\"https:\/\/www.google.com\/maps\/d\/edit?mid=zYfyIK559nQw.k_ay5M6JNRjU\" target=\"_blank\" rel=\"noopener\">Projeto Efici\u00eancia H\u00eddrica em Espa\u00e7os P\u00fablicos<\/a> (Google Maps KML)<\/li>\n<\/ul>\n<\/li>\n<\/ul>\n<p><!--\n \t\n\n<li><a title=\"Carta da \u00c1gua da ex-AMRia\" href=\"http:\/\/sig.regiaodeaveiro.pt\/sig\/viewer.htm?service=cartagua&amp;\" target=\"_blank\" rel=\"noopener\">Carta da \u00c1gua da ex-AMRia<\/a> (Mapa Interativo)<\/li>\n\n\n \t\n\n<li><a title=\"Mapa do Risco de Cheia\" href=\"http:\/\/sig.regiaodeaveiro.pt\/sig\/viewer.htm?service=cartasrisco&amp;\" target=\"_blank\" rel=\"noopener\">Risco de Cheia (2001)\/ Zonas Inund\u00e1veis<\/a> (Mapa Interativo)<\/li>\n\n\n--><\/p>\n<ul>\n<li><a title=\"Previs\u00e3o de Mar\u00e9s\" href=\"http:\/\/www.hidrografico.pt\/\" target=\"_blank\" rel=\"noopener\"> Previs\u00e3o de Mar\u00e9s<\/a> (Link externo ao site do Instituto Hidrogr\u00e1fico)<\/li>\n<\/ul>\n<p>Metadados dos mapas aqui: <a title=\"Metadata\" href=\"https:\/\/sig.regiaodeaveiro.pt\/pt_PT\/metadados-2\/\">Metadados<\/a><br \/>\nEsperamos que estes mapas sejam uma ferramenta \u00fatil para encontrar o que procura, enquanto explora a informa\u00e7\u00e3o dispon\u00edvel sobre a Regi\u00e3o.<br \/>\nSe n\u00e3o encontrou o que procura, envie-nos um <em>email<\/em> <a href=\"mailto:geral@regiaodeaveiro.pt\">(geral@regiaodeaveiro.pt)<\/a> com os aspetos que gostaria de ver publicados.<!--:--><\/p>\n","protected":false},"excerpt":{"rendered":" ","protected":false},"author":1,"featured_media":160,"comment_status":"closed","ping_status":"closed","sticky":false,"template":"","format":"standard","meta":{"footnotes":""},"categories":[1],"tags":[17,18,19,20,21,22,23,24,25,26,27,28],"class_list":["post-62","post","type-post","status-publish","format-standard","has-post-thumbnail","hentry","category-sem-categoria","tag-agua","tag-ambiente","tag-cheias","tag-eficiencia","tag-energetica","tag-energia","tag-energy","tag-especies","tag-flood","tag-habitat","tag-kml","tag-water"],"_links":{"self":[{"href":"https:\/\/sig.regiaodeaveiro.pt\/pt_PT\/wp-json\/wp\/v2\/posts\/62","targetHints":{"allow":["GET"]}}],"collection":[{"href":"https:\/\/sig.regiaodeaveiro.pt\/pt_PT\/wp-json\/wp\/v2\/posts"}],"about":[{"href":"https:\/\/sig.regiaodeaveiro.pt\/pt_PT\/wp-json\/wp\/v2\/types\/post"}],"author":[{"embeddable":true,"href":"https:\/\/sig.regiaodeaveiro.pt\/pt_PT\/wp-json\/wp\/v2\/users\/1"}],"replies":[{"embeddable":true,"href":"https:\/\/sig.regiaodeaveiro.pt\/pt_PT\/wp-json\/wp\/v2\/comments?post=62"}],"version-history":[{"count":15,"href":"https:\/\/sig.regiaodeaveiro.pt\/pt_PT\/wp-json\/wp\/v2\/posts\/62\/revisions"}],"predecessor-version":[{"id":699,"href":"https:\/\/sig.regiaodeaveiro.pt\/pt_PT\/wp-json\/wp\/v2\/posts\/62\/revisions\/699"}],"wp:featuredmedia":[{"embeddable":true,"href":"https:\/\/sig.regiaodeaveiro.pt\/pt_PT\/wp-json\/wp\/v2\/media\/160"}],"wp:attachment":[{"href":"https:\/\/sig.regiaodeaveiro.pt\/pt_PT\/wp-json\/wp\/v2\/media?parent=62"}],"wp:term":[{"taxonomy":"category","embeddable":true,"href":"https:\/\/sig.regiaodeaveiro.pt\/pt_PT\/wp-json\/wp\/v2\/categories?post=62"},{"taxonomy":"post_tag","embeddable":true,"href":"https:\/\/sig.regiaodeaveiro.pt\/pt_PT\/wp-json\/wp\/v2\/tags?post=62"}],"curies":[{"name":"wp","href":"https:\/\/api.w.org\/{rel}","templated":true}]}}